{"id":3021,"date":"2026-04-16T16:45:02","date_gmt":"2026-04-16T14:45:02","guid":{"rendered":"https:\/\/www.schenk-tanktransport.com\/nl\/?p=3021"},"modified":"2026-04-28T09:09:28","modified_gmt":"2026-04-28T07:09:28","slug":"tim-kiest-bewust-voor-de-weg","status":"publish","type":"post","link":"https:\/\/www.schenk-tanktransport.com\/nl\/een-dag-in-het-leven-van\/tim-kiest-bewust-voor-de-weg\/","title":{"rendered":"Tim kiest bewust voor de weg"},"content":{"rendered":"\n<div class=\"wp-block-group is-nowrap is-layout-flex wp-container-core-group-is-layout-ad2f72ca wp-block-group-is-layout-flex\">\n<div class=\"wp-block-group\"><div class=\"wp-block-group__inner-container is-layout-constrained wp-block-group-is-layout-constrained\">\n<div class=\"wp-block-group is-nowrap is-layout-flex wp-container-core-group-is-layout-ad2f72ca wp-block-group-is-layout-flex\">\n<div class=\"wp-block-group\"><div class=\"wp-block-group__inner-container is-layout-constrained wp-block-group-is-layout-constrained\">\n<div class=\"wp-block-group\"><div class=\"wp-block-group__inner-container is-layout-constrained wp-block-group-is-layout-constrained\">\n<div class=\"wp-block-group\"><div class=\"wp-block-group__inner-container is-layout-constrained wp-block-group-is-layout-constrained\">\n<div id=\"paragraaf\" class=\"wp-block-group col-md-10 offset-md-1\"><div class=\"wp-block-group__inner-container is-layout-constrained wp-block-group-is-layout-constrained\">\n<div class=\"wp-block-group is-nowrap is-layout-flex wp-container-core-group-is-layout-ad2f72ca wp-block-group-is-layout-flex\">\n<p><strong>Veel mensen in de transportwereld maken na verloop van tijd de stap van de weg naar kantoor. Tim (21) deed het andersom. Na bijna drie jaar bij Schenk, eerst op customer service en daarna als planner, zette hij een nieuwe stap in zijn carri\u00e8re: de opleiding tot ADR\u2011tankwagenchauffeur.<\/strong><\/p>\n<\/div>\n\n\n\n<h3 class=\"wp-block-heading\">Begrijpen wat er \u00e9cht gebeurt<\/h3>\n\n\n\n<p>Als planner had Tim dagelijks overzicht. Hij organiseerde transporten, schakelde met chauffeurs en hield het proces draaiende. Hij kende het systeem van binnen en van buiten, maar hoe het er onderweg echt aan toegaat, bleef op afstand. \u201cJe weet als planner wat er gebeurt, maar je bent er zelf nooit bij\u201d aldus Tim.<\/p>\n\n\n\n<p>Die gedachte bleef knagen.<\/p>\n<\/div><\/div>\n\n\n\n<div id=\"paragraaf\" class=\"wp-block-group col-md-10 offset-md-1\"><div class=\"wp-block-group__inner-container is-layout-constrained wp-block-group-is-layout-constrained\">\n<h3 class=\"wp-block-heading\">Nu of nooit<\/h3>\n\n\n\n<p>Transport zit bij Tim in het bloed. Hij groeide op in een omgeving waarin het vak vanzelfsprekend was. Na zijn schooltijd koos hij eerst voor een kantoorfunctie. Dit was voor hem een logische start, maar niet het eindstation.<\/p>\n<\/div><\/div>\n<\/div><\/div>\n<\/div><\/div>\n<\/div><\/div>\n<\/div>\n\n\n\n<div id=\"quote\" class=\"wp-block-group col-md-8 offset-md-2\"><div class=\"wp-block-group__inner-container is-layout-constrained wp-block-group-is-layout-constrained\">\n<blockquote class=\"wp-block-quote col-md-8 offset-md-2 is-layout-flow wp-block-quote-is-layout-flow\">\n<p><\/p>\n<cite><em>\u201cAls ik het nu niet doe, doe ik het misschien later nooit meer.\u201d<\/em><\/cite><\/blockquote>\n<\/div><\/div>\n\n\n\n<div class=\"wp-block-group\"><div class=\"wp-block-group__inner-container is-layout-constrained wp-block-group-is-layout-constrained\">\n<div id=\"paragraaf\" class=\"wp-block-group col-md-10 offset-md-1\"><div class=\"wp-block-group__inner-container is-layout-constrained wp-block-group-is-layout-constrained\">\n<p>Binnen Schenk kreeg Tim via het talent development programma de kans om deze stap te zetten. Met gerichte begeleiding en ervaren mentorchauffeurs stond Tim er tijdens zijn opleidingstraject nooit alleen voor. Zo bouwde hij het zelfvertrouwen op om het werk zelfstandig te doen<strong>.<\/strong><\/p>\n<\/div><\/div>\n<\/div><\/div>\n<\/div><\/div>\n\n\n\n<figure class=\"wp-block-image size-full\"><img loading=\"lazy\" decoding=\"async\" width=\"1152\" height=\"2048\" src=\"https:\/\/www.schenk-tanktransport.com\/nl\/wp-content\/uploads\/sites\/5\/2026\/04\/PHOTO-2026-02-26-12-22-54-8.jpg\" alt=\"Tim kiest bewust voor de weg\" class=\"wp-image-3072\" style=\"object-fit:cover\" srcset=\"https:\/\/www.schenk-tanktransport.com\/nl\/wp-content\/uploads\/sites\/5\/2026\/04\/PHOTO-2026-02-26-12-22-54-8.jpg 1152w, https:\/\/www.schenk-tanktransport.com\/nl\/wp-content\/uploads\/sites\/5\/2026\/04\/PHOTO-2026-02-26-12-22-54-8-169x300.jpg 169w, https:\/\/www.schenk-tanktransport.com\/nl\/wp-content\/uploads\/sites\/5\/2026\/04\/PHOTO-2026-02-26-12-22-54-8-576x1024.jpg 576w, https:\/\/www.schenk-tanktransport.com\/nl\/wp-content\/uploads\/sites\/5\/2026\/04\/PHOTO-2026-02-26-12-22-54-8-768x1365.jpg 768w, https:\/\/www.schenk-tanktransport.com\/nl\/wp-content\/uploads\/sites\/5\/2026\/04\/PHOTO-2026-02-26-12-22-54-8-864x1536.jpg 864w\" sizes=\"auto, (max-width: 1152px) 100vw, 1152px\" \/><\/figure>\n<\/div>\n\n\n\n<div style=\"height:43px\" aria-hidden=\"true\" class=\"wp-block-spacer\"><\/div>\n\n\n\n<div id=\"paragraaf\" class=\"wp-block-group col-md-10 offset-md-1\"><div class=\"wp-block-group__inner-container is-layout-constrained wp-block-group-is-layout-constrained\">\n<p><\/p>\n\n\n\n<h2 class=\"wp-block-heading\">Je moet het zelf meemaken<\/h2>\n<\/div><\/div>\n\n\n\n<div id=\"paragraaf\" class=\"wp-block-group col-md-10 offset-md-1\"><div class=\"wp-block-group__inner-container is-layout-constrained wp-block-group-is-layout-constrained\">\n<p>De echte omslag zat niet in de theorie, maar in wat daarna kwam. Vanaf het moment dat Tim zelf de weg op ging voelde hij het verschil: tussen weten hoe het werkt en het werk \u00e9cht doen. Laden en lossen, omgaan met regels, verantwoordelijkheid onderweg. Dat leer je niet achter een bureau. Dat moet je in de praktijk meemaken.<\/p>\n\n\n\n<p>Inmiddels rijdt Tim zelfstandig en vervoert hij producten als smeerolie. Stap voor stap werkt hij toe naar <a href=\"https:\/\/www.schenk-tanktransport.com\/nl\/industries\/chemicalien\/\" id=\"https:\/\/www.schenk-tanktransport.com\/nl\/industries\/chemicalien\/\">chemietransport<\/a>, een volgende fase met meer verantwoordelijkheid.<\/p>\n\n\n\n<p>Die verantwoordelijkheid ervaar je als ADR-chauffeur iedere dag op de weg en bij het laden en lossen: scherp zijn op wat er gebeurt, zorgvuldig omgaan met de lading en veiligheid als rode draad in alles wat je doet. De eerste weken als chauffeur waren voor Tim spannend, maar heel positief. Het was zoeken, leren en ontdekken wat voor hem werkt.<\/p>\n<\/div><\/div>\n\n\n\n<div id=\"paragraaf\" class=\"wp-block-group col-md-10 offset-md-1\"><div class=\"wp-block-group__inner-container is-layout-constrained wp-block-group-is-layout-constrained\">\n<h2 class=\"wp-block-heading\">Gewoon doen!<\/h2>\n\n\n\n<p>Voor collega\u2019s die twijfelen om de stap te zetten heeft Tim een duidelijke boodschap. &#8220;Als je er al zo lang over nadenkt, moet je die stap gewoon een keer zetten.&#8221;<\/p>\n\n\n\n<p>Met blijven nadenken schiet je niets op. Soms moet je het gewoon doen om erachter te komen of het echt bij je past.<\/p>\n\n\n\n<div id=\"quote\" class=\"wp-block-group col-md-8 offset-md-2\"><div class=\"wp-block-group__inner-container is-layout-constrained wp-block-group-is-layout-constrained\">\n<blockquote class=\"wp-block-quote has-text-align-left alignleft col-md-8 offset-md-2 is-layout-flow wp-block-quote-is-layout-flow\">\n<p><\/p>\n<cite>&#8220;Als je er al zo lang over nadenkt, moet je die stap gewoon een keer zetten.&#8221;<\/cite><\/blockquote>\n<\/div><\/div>\n\n\n\n<p><\/p>\n\n\n\n<p><\/p>\n\n\n\n<p>Dat Tim deze stap kon zetten, typeert werken bij Schenk: vertrouwen krijgen, kansen pakken en groeien door te doen.<\/p>\n<\/div><\/div>\n\n\n\n<div class=\"wp-block-buttons col-md-10 offset-md-1 is-content-justification-left is-layout-flex wp-container-core-buttons-is-layout-fdcfc74e wp-block-buttons-is-layout-flex\">\n<div class=\"wp-block-button col-md-10 offset-md-1\"><a class=\"wp-block-button__link wp-element-button\" href=\"https:\/\/www.schenk-tanktransport.com\/nl\/vacatures\/\">Vacatures<\/a><\/div>\n\n\n\n<div class=\"wp-block-button col-md-10 offset-md-1\"><a class=\"wp-block-button__link wp-element-button\" href=\"mailto:rijdenbij@schenk-tanktransport.eu\">Contact<\/a><\/div>\n<\/div>\n","protected":false},"excerpt":{"rendered":"<p>Veel mensen in de transportwereld maken na verloop van tijd de stap van de weg [&hellip;]<\/p>\n","protected":false},"author":39,"featured_media":3072,"comment_status":"closed","ping_status":"closed","sticky":false,"template":"","format":"standard","meta":{"_acf_changed":false,"editor_notices":[],"footnotes":""},"categories":[15],"tags":[],"class_list":["post-3021","post","type-post","status-publish","format-standard","has-post-thumbnail","hentry","category-een-dag-in-het-leven-van"],"acf":{"contactpersoon_related_titel":"Benieuwd naar de mogelijkheden bij Schenk?","contactpersoon_related_content":"Neem contact op met \u00e9\u00e9n van onze recruiters","contactpersoon_related":[1051,1056]},"yoast_head":"<!-- This site is optimized with the Yoast SEO plugin v27.3 - https:\/\/yoast.com\/product\/yoast-seo-wordpress\/ -->\n<title>Tim kiest bewust voor de weg - Schenk Tanktransport<\/title>\n<meta name=\"description\" content=\"Veel mensen in de transportwereld maken de stap van de weg naar kantoor. Tim deed het andersom en kiest bewust voor de weg.\" \/>\n<meta name=\"robots\" content=\"index, follow, max-snippet:-1, max-image-preview:large, max-video-preview:-1\" \/>\n<link rel=\"canonical\" href=\"https:\/\/www.schenk-tanktransport.com\/nl\/een-dag-in-het-leven-van\/tim-kiest-bewust-voor-de-weg\/\" \/>\n<meta property=\"og:locale\" content=\"nl_NL\" \/>\n<meta property=\"og:type\" content=\"article\" \/>\n<meta property=\"og:title\" content=\"Tim kiest bewust voor de weg - Schenk Tanktransport\" \/>\n<meta property=\"og:description\" content=\"Veel mensen in de transportwereld maken de stap van de weg naar kantoor. Tim deed het andersom en kiest bewust voor de weg.\" \/>\n<meta property=\"og:url\" content=\"https:\/\/www.schenk-tanktransport.com\/nl\/een-dag-in-het-leven-van\/tim-kiest-bewust-voor-de-weg\/\" \/>\n<meta property=\"og:site_name\" content=\"Schenk Tanktransport (nl)\" \/>\n<meta property=\"article:published_time\" content=\"2026-04-16T14:45:02+00:00\" \/>\n<meta property=\"article:modified_time\" content=\"2026-04-28T07:09:28+00:00\" \/>\n<meta property=\"og:image\" content=\"\/wp-content\/themes\/buro26\/assets\/images\/og-schenk-tankstransport.jpg\" \/>\n\t<meta property=\"og:image:width\" content=\"1152\" \/>\n\t<meta property=\"og:image:height\" content=\"2048\" \/>\n\t<meta property=\"og:image:type\" content=\"image\/jpeg\" \/>\n<meta name=\"author\" content=\"bartb\" \/>\n<meta name=\"twitter:card\" content=\"summary_large_image\" \/>\n<meta name=\"twitter:label1\" content=\"Geschreven door\" \/>\n\t<meta name=\"twitter:data1\" content=\"bartb\" \/>\n\t<meta name=\"twitter:label2\" content=\"Geschatte leestijd\" \/>\n\t<meta name=\"twitter:data2\" content=\"3 minuten\" \/>\n<script type=\"application\/ld+json\" class=\"yoast-schema-graph\">{\"@context\":\"https:\\\/\\\/schema.org\",\"@graph\":[{\"@type\":\"Article\",\"@id\":\"https:\\\/\\\/www.schenk-tanktransport.com\\\/nl\\\/een-dag-in-het-leven-van\\\/tim-kiest-bewust-voor-de-weg\\\/#article\",\"isPartOf\":{\"@id\":\"https:\\\/\\\/www.schenk-tanktransport.com\\\/nl\\\/een-dag-in-het-leven-van\\\/tim-kiest-bewust-voor-de-weg\\\/\"},\"author\":{\"name\":\"bartb\",\"@id\":\"https:\\\/\\\/www.schenk-tanktransport.com\\\/nl\\\/#\\\/schema\\\/person\\\/cf1dd33318a3f54bb6d22df55883b3fd\"},\"headline\":\"Tim kiest bewust voor de weg\",\"datePublished\":\"2026-04-16T14:45:02+00:00\",\"dateModified\":\"2026-04-28T07:09:28+00:00\",\"mainEntityOfPage\":{\"@id\":\"https:\\\/\\\/www.schenk-tanktransport.com\\\/nl\\\/een-dag-in-het-leven-van\\\/tim-kiest-bewust-voor-de-weg\\\/\"},\"wordCount\":455,\"image\":{\"@id\":\"https:\\\/\\\/www.schenk-tanktransport.com\\\/nl\\\/een-dag-in-het-leven-van\\\/tim-kiest-bewust-voor-de-weg\\\/#primaryimage\"},\"thumbnailUrl\":\"https:\\\/\\\/www.schenk-tanktransport.com\\\/nl\\\/wp-content\\\/uploads\\\/sites\\\/5\\\/2026\\\/04\\\/PHOTO-2026-02-26-12-22-54-8.jpg\",\"articleSection\":[\"Een dag in het leven van\"],\"inLanguage\":\"nl-NL\"},{\"@type\":\"WebPage\",\"@id\":\"https:\\\/\\\/www.schenk-tanktransport.com\\\/nl\\\/een-dag-in-het-leven-van\\\/tim-kiest-bewust-voor-de-weg\\\/\",\"url\":\"https:\\\/\\\/www.schenk-tanktransport.com\\\/nl\\\/een-dag-in-het-leven-van\\\/tim-kiest-bewust-voor-de-weg\\\/\",\"name\":\"Tim kiest bewust voor de weg - Schenk Tanktransport\",\"isPartOf\":{\"@id\":\"https:\\\/\\\/www.schenk-tanktransport.com\\\/nl\\\/#website\"},\"primaryImageOfPage\":{\"@id\":\"https:\\\/\\\/www.schenk-tanktransport.com\\\/nl\\\/een-dag-in-het-leven-van\\\/tim-kiest-bewust-voor-de-weg\\\/#primaryimage\"},\"image\":{\"@id\":\"https:\\\/\\\/www.schenk-tanktransport.com\\\/nl\\\/een-dag-in-het-leven-van\\\/tim-kiest-bewust-voor-de-weg\\\/#primaryimage\"},\"thumbnailUrl\":\"https:\\\/\\\/www.schenk-tanktransport.com\\\/nl\\\/wp-content\\\/uploads\\\/sites\\\/5\\\/2026\\\/04\\\/PHOTO-2026-02-26-12-22-54-8.jpg\",\"datePublished\":\"2026-04-16T14:45:02+00:00\",\"dateModified\":\"2026-04-28T07:09:28+00:00\",\"author\":{\"@id\":\"https:\\\/\\\/www.schenk-tanktransport.com\\\/nl\\\/#\\\/schema\\\/person\\\/cf1dd33318a3f54bb6d22df55883b3fd\"},\"description\":\"Veel mensen in de transportwereld maken de stap van de weg naar kantoor. Tim deed het andersom en kiest bewust voor de weg.\",\"inLanguage\":\"nl-NL\",\"potentialAction\":[{\"@type\":\"ReadAction\",\"target\":[\"https:\\\/\\\/www.schenk-tanktransport.com\\\/nl\\\/een-dag-in-het-leven-van\\\/tim-kiest-bewust-voor-de-weg\\\/\"]}]},{\"@type\":\"ImageObject\",\"inLanguage\":\"nl-NL\",\"@id\":\"https:\\\/\\\/www.schenk-tanktransport.com\\\/nl\\\/een-dag-in-het-leven-van\\\/tim-kiest-bewust-voor-de-weg\\\/#primaryimage\",\"url\":\"https:\\\/\\\/www.schenk-tanktransport.com\\\/nl\\\/wp-content\\\/uploads\\\/sites\\\/5\\\/2026\\\/04\\\/PHOTO-2026-02-26-12-22-54-8.jpg\",\"contentUrl\":\"https:\\\/\\\/www.schenk-tanktransport.com\\\/nl\\\/wp-content\\\/uploads\\\/sites\\\/5\\\/2026\\\/04\\\/PHOTO-2026-02-26-12-22-54-8.jpg\",\"width\":1152,\"height\":2048,\"caption\":\"Tim kiest bewust voor de weg\"},{\"@type\":\"WebSite\",\"@id\":\"https:\\\/\\\/www.schenk-tanktransport.com\\\/nl\\\/#website\",\"url\":\"https:\\\/\\\/www.schenk-tanktransport.com\\\/nl\\\/\",\"name\":\"Schenk Tanktransport (nl)\",\"description\":\"transport van brandstoffen, smeeroli\u00ebn, LPG, industri\u00eble gassen, LNG, bitumen en chemicali\u00ebn\",\"potentialAction\":[{\"@type\":\"SearchAction\",\"target\":{\"@type\":\"EntryPoint\",\"urlTemplate\":\"https:\\\/\\\/www.schenk-tanktransport.com\\\/nl\\\/?s={search_term_string}\"},\"query-input\":{\"@type\":\"PropertyValueSpecification\",\"valueRequired\":true,\"valueName\":\"search_term_string\"}}],\"inLanguage\":\"nl-NL\"},{\"@type\":\"Person\",\"@id\":\"https:\\\/\\\/www.schenk-tanktransport.com\\\/nl\\\/#\\\/schema\\\/person\\\/cf1dd33318a3f54bb6d22df55883b3fd\",\"name\":\"bartb\",\"url\":\"https:\\\/\\\/www.schenk-tanktransport.com\\\/nl\\\/author\\\/bartb\\\/\"}]}<\/script>\n<!-- \/ Yoast SEO plugin. -->","yoast_head_json":{"title":"Tim kiest bewust voor de weg - Schenk Tanktransport","description":"Veel mensen in de transportwereld maken de stap van de weg naar kantoor. Tim deed het andersom en kiest bewust voor de weg.","robots":{"index":"index","follow":"follow","max-snippet":"max-snippet:-1","max-image-preview":"max-image-preview:large","max-video-preview":"max-video-preview:-1"},"canonical":"https:\/\/www.schenk-tanktransport.com\/nl\/een-dag-in-het-leven-van\/tim-kiest-bewust-voor-de-weg\/","og_locale":"nl_NL","og_type":"article","og_title":"Tim kiest bewust voor de weg - Schenk Tanktransport","og_description":"Veel mensen in de transportwereld maken de stap van de weg naar kantoor. Tim deed het andersom en kiest bewust voor de weg.","og_url":"https:\/\/www.schenk-tanktransport.com\/nl\/een-dag-in-het-leven-van\/tim-kiest-bewust-voor-de-weg\/","og_site_name":"Schenk Tanktransport (nl)","article_published_time":"2026-04-16T14:45:02+00:00","article_modified_time":"2026-04-28T07:09:28+00:00","og_image":[{"width":1152,"height":2048,"url":"\/wp-content\/themes\/buro26\/assets\/images\/og-schenk-tankstransport.jpg","type":"image\/jpeg"}],"author":"bartb","twitter_card":"summary_large_image","twitter_misc":{"Geschreven door":"bartb","Geschatte leestijd":"3 minuten"},"schema":{"@context":"https:\/\/schema.org","@graph":[{"@type":"Article","@id":"https:\/\/www.schenk-tanktransport.com\/nl\/een-dag-in-het-leven-van\/tim-kiest-bewust-voor-de-weg\/#article","isPartOf":{"@id":"https:\/\/www.schenk-tanktransport.com\/nl\/een-dag-in-het-leven-van\/tim-kiest-bewust-voor-de-weg\/"},"author":{"name":"bartb","@id":"https:\/\/www.schenk-tanktransport.com\/nl\/#\/schema\/person\/cf1dd33318a3f54bb6d22df55883b3fd"},"headline":"Tim kiest bewust voor de weg","datePublished":"2026-04-16T14:45:02+00:00","dateModified":"2026-04-28T07:09:28+00:00","mainEntityOfPage":{"@id":"https:\/\/www.schenk-tanktransport.com\/nl\/een-dag-in-het-leven-van\/tim-kiest-bewust-voor-de-weg\/"},"wordCount":455,"image":{"@id":"https:\/\/www.schenk-tanktransport.com\/nl\/een-dag-in-het-leven-van\/tim-kiest-bewust-voor-de-weg\/#primaryimage"},"thumbnailUrl":"https:\/\/www.schenk-tanktransport.com\/nl\/wp-content\/uploads\/sites\/5\/2026\/04\/PHOTO-2026-02-26-12-22-54-8.jpg","articleSection":["Een dag in het leven van"],"inLanguage":"nl-NL"},{"@type":"WebPage","@id":"https:\/\/www.schenk-tanktransport.com\/nl\/een-dag-in-het-leven-van\/tim-kiest-bewust-voor-de-weg\/","url":"https:\/\/www.schenk-tanktransport.com\/nl\/een-dag-in-het-leven-van\/tim-kiest-bewust-voor-de-weg\/","name":"Tim kiest bewust voor de weg - Schenk Tanktransport","isPartOf":{"@id":"https:\/\/www.schenk-tanktransport.com\/nl\/#website"},"primaryImageOfPage":{"@id":"https:\/\/www.schenk-tanktransport.com\/nl\/een-dag-in-het-leven-van\/tim-kiest-bewust-voor-de-weg\/#primaryimage"},"image":{"@id":"https:\/\/www.schenk-tanktransport.com\/nl\/een-dag-in-het-leven-van\/tim-kiest-bewust-voor-de-weg\/#primaryimage"},"thumbnailUrl":"https:\/\/www.schenk-tanktransport.com\/nl\/wp-content\/uploads\/sites\/5\/2026\/04\/PHOTO-2026-02-26-12-22-54-8.jpg","datePublished":"2026-04-16T14:45:02+00:00","dateModified":"2026-04-28T07:09:28+00:00","author":{"@id":"https:\/\/www.schenk-tanktransport.com\/nl\/#\/schema\/person\/cf1dd33318a3f54bb6d22df55883b3fd"},"description":"Veel mensen in de transportwereld maken de stap van de weg naar kantoor. Tim deed het andersom en kiest bewust voor de weg.","inLanguage":"nl-NL","potentialAction":[{"@type":"ReadAction","target":["https:\/\/www.schenk-tanktransport.com\/nl\/een-dag-in-het-leven-van\/tim-kiest-bewust-voor-de-weg\/"]}]},{"@type":"ImageObject","inLanguage":"nl-NL","@id":"https:\/\/www.schenk-tanktransport.com\/nl\/een-dag-in-het-leven-van\/tim-kiest-bewust-voor-de-weg\/#primaryimage","url":"https:\/\/www.schenk-tanktransport.com\/nl\/wp-content\/uploads\/sites\/5\/2026\/04\/PHOTO-2026-02-26-12-22-54-8.jpg","contentUrl":"https:\/\/www.schenk-tanktransport.com\/nl\/wp-content\/uploads\/sites\/5\/2026\/04\/PHOTO-2026-02-26-12-22-54-8.jpg","width":1152,"height":2048,"caption":"Tim kiest bewust voor de weg"},{"@type":"WebSite","@id":"https:\/\/www.schenk-tanktransport.com\/nl\/#website","url":"https:\/\/www.schenk-tanktransport.com\/nl\/","name":"Schenk Tanktransport (nl)","description":"transport van brandstoffen, smeeroli\u00ebn, LPG, industri\u00eble gassen, LNG, bitumen en chemicali\u00ebn","potentialAction":[{"@type":"SearchAction","target":{"@type":"EntryPoint","urlTemplate":"https:\/\/www.schenk-tanktransport.com\/nl\/?s={search_term_string}"},"query-input":{"@type":"PropertyValueSpecification","valueRequired":true,"valueName":"search_term_string"}}],"inLanguage":"nl-NL"},{"@type":"Person","@id":"https:\/\/www.schenk-tanktransport.com\/nl\/#\/schema\/person\/cf1dd33318a3f54bb6d22df55883b3fd","name":"bartb","url":"https:\/\/www.schenk-tanktransport.com\/nl\/author\/bartb\/"}]}},"_links":{"self":[{"href":"https:\/\/www.schenk-tanktransport.com\/nl\/wp-json\/wp\/v2\/posts\/3021","targetHints":{"allow":["GET"]}}],"collection":[{"href":"https:\/\/www.schenk-tanktransport.com\/nl\/wp-json\/wp\/v2\/posts"}],"about":[{"href":"https:\/\/www.schenk-tanktransport.com\/nl\/wp-json\/wp\/v2\/types\/post"}],"author":[{"embeddable":true,"href":"https:\/\/www.schenk-tanktransport.com\/nl\/wp-json\/wp\/v2\/users\/39"}],"replies":[{"embeddable":true,"href":"https:\/\/www.schenk-tanktransport.com\/nl\/wp-json\/wp\/v2\/comments?post=3021"}],"version-history":[{"count":50,"href":"https:\/\/www.schenk-tanktransport.com\/nl\/wp-json\/wp\/v2\/posts\/3021\/revisions"}],"predecessor-version":[{"id":3122,"href":"https:\/\/www.schenk-tanktransport.com\/nl\/wp-json\/wp\/v2\/posts\/3021\/revisions\/3122"}],"acf:post":[{"embeddable":true,"href":"https:\/\/www.schenk-tanktransport.com\/nl\/wp-json\/wp\/v2\/contactpersonen\/1056"},{"embeddable":true,"href":"https:\/\/www.schenk-tanktransport.com\/nl\/wp-json\/wp\/v2\/contactpersonen\/1051"}],"wp:featuredmedia":[{"embeddable":true,"href":"https:\/\/www.schenk-tanktransport.com\/nl\/wp-json\/wp\/v2\/media\/3072"}],"wp:attachment":[{"href":"https:\/\/www.schenk-tanktransport.com\/nl\/wp-json\/wp\/v2\/media?parent=3021"}],"wp:term":[{"taxonomy":"category","embeddable":true,"href":"https:\/\/www.schenk-tanktransport.com\/nl\/wp-json\/wp\/v2\/categories?post=3021"},{"taxonomy":"post_tag","embeddable":true,"href":"https:\/\/www.schenk-tanktransport.com\/nl\/wp-json\/wp\/v2\/tags?post=3021"}],"curies":[{"name":"wp","href":"https:\/\/api.w.org\/{rel}","templated":true}]}}